{"id":156,"date":"2013-12-09T23:07:08","date_gmt":"2013-12-09T22:07:08","guid":{"rendered":"http:\/\/notisblokk.de\/?p=156"},"modified":"2013-12-09T23:07:08","modified_gmt":"2013-12-09T22:07:08","slug":"kreuzzug","status":"publish","type":"post","link":"https:\/\/notisblokk.de\/?p=156","title":{"rendered":"Kreuzzug"},"content":{"rendered":"<p>Eine Nachrichtensprecherin von NRK hatte vor einigen Wochen w\u00e4hrend der Sendung eine Kette mit einem Kreuz aus Gold um den Hals. Das Kreuz war ganze 1,4 cm hoch und brachte einige Zuschauer in Erregung. Durch deren Anrufe wurden die NRK Chefs an ihre Neutralit\u00e4tsrichtlinie erinnert und die Nachrichtensprecherin gebeten das Kreuz w\u00e4hrend der Sendung nicht mehr zu tragen. Was nat\u00fcrlich f\u00fcr noch mehr Aufregung sorgte.<br \/>\nIn Sarpsborg gibt es ein Einkaufscenter, welches Amfi Borg hei\u00dft und seit ca. 16 Jahren existiert. Seit dieser Zeit h\u00e4ngen vor den Toren des Centers drei Banner in den norwegischen Farben. Die Chefs von Amfi Borg haben sich bewusst gegen norwegischen Flaggen entschieden, um nicht dem Reglement welches mit dem Hissen der norwegischen Flagge verbunden ist zu unterliegen. Diese Banner werden nur gelegentlich abgenommen um Reklamefahnen Platz zu machen.<br \/>\n<a href=\"http:\/\/g.api.no\/obscura\/API\/image\/r1\/escenic\/978x1200r\/1386162241\/archive\/05213\/3067792101_5213752a.jpg\" target=\"_blank\">Hier gibt es ein Bild von den Bannern.<br \/>\n<\/a>Auf der Facebookseite des Einkaufcenters hinterlie\u00df ein Besucher den Kommentar: Tolle Fahnen, ohne Kreuz und so. Und da bemerkten es pl\u00f6tzlich alle und ein <em>Shitstorm<\/em> brach los. Weil die Centerleute das Kreuz aus der norwegischen Flagge entfernt hatten (welches also nie da war), gibt es zur Zeit reichlich Boykottaufrufe und andere Kommentare zweifelhafter Qualit\u00e4t.<br \/>\nEin satirischer Artikel im Internet baut drauf auf und teilt mit, dass NRK im n\u00e4chsten Jahr zur 17. Mai-Feier die Kreuze aus den norwegischen Flaggen entfernen wird. Die Flagge sollen durch eine komplett rote ersetzt werden. Das Kommentarfeld unter dem Artikel ist voll mit Protesten gegen NRK und den Kampf um die Freiheit f\u00fcr das Kreuz in der norwegischen Flagge.<\/p>\n","protected":false},"excerpt":{"rendered":"<p>Eine Nachrichtensprecherin von NRK hatte vor einigen Wochen w\u00e4hrend der Sendung eine Kette mit einem Kreuz aus Gold um den Hals. Das Kreuz war ganze 1,4 cm hoch und brachte einige Zuschauer in Erregung. Durch deren Anrufe wurden die NRK Chefs an ihre Neutralit\u00e4tsrichtlinie erinnert und die Nachrichtensprecherin gebeten das Kreuz w\u00e4hrend der Sendung nicht &hellip; <a href=\"https:\/\/notisblokk.de\/?p=156\" class=\"more-link\"><span class=\"screen-reader-text\">Kreuzzug<\/span> weiterlesen <span class=\"meta-nav\">&rarr;<\/span><\/a><\/p>\n","protected":false},"author":1,"featured_media":0,"comment_status":"open","ping_status":"open","sticky":false,"template":"","format":"standard","meta":{"footnotes":""},"categories":[1],"tags":[59,62,60,61],"class_list":["post-156","post","type-post","status-publish","format-standard","hentry","category-livet","tag-amfi-borg","tag-flagge","tag-kreuz","tag-sarpsborg"],"_links":{"self":[{"href":"https:\/\/notisblokk.de\/index.php?rest_route=\/wp\/v2\/posts\/156","targetHints":{"allow":["GET"]}}],"collection":[{"href":"https:\/\/notisblokk.de\/index.php?rest_route=\/wp\/v2\/posts"}],"about":[{"href":"https:\/\/notisblokk.de\/index.php?rest_route=\/wp\/v2\/types\/post"}],"author":[{"embeddable":true,"href":"https:\/\/notisblokk.de\/index.php?rest_route=\/wp\/v2\/users\/1"}],"replies":[{"embeddable":true,"href":"https:\/\/notisblokk.de\/index.php?rest_route=%2Fwp%2Fv2%2Fcomments&post=156"}],"version-history":[{"count":1,"href":"https:\/\/notisblokk.de\/index.php?rest_route=\/wp\/v2\/posts\/156\/revisions"}],"predecessor-version":[{"id":157,"href":"https:\/\/notisblokk.de\/index.php?rest_route=\/wp\/v2\/posts\/156\/revisions\/157"}],"wp:attachment":[{"href":"https:\/\/notisblokk.de\/index.php?rest_route=%2Fwp%2Fv2%2Fmedia&parent=156"}],"wp:term":[{"taxonomy":"category","embeddable":true,"href":"https:\/\/notisblokk.de\/index.php?rest_route=%2Fwp%2Fv2%2Fcategories&post=156"},{"taxonomy":"post_tag","embeddable":true,"href":"https:\/\/notisblokk.de\/index.php?rest_route=%2Fwp%2Fv2%2Ftags&post=156"}],"curies":[{"name":"wp","href":"https:\/\/api.w.org\/{rel}","templated":true}]}}