{"id":519,"date":"2014-12-28T16:01:58","date_gmt":"2014-12-28T15:01:58","guid":{"rendered":"http:\/\/notisblokk.de\/?p=519"},"modified":"2014-12-28T16:02:56","modified_gmt":"2014-12-28T15:02:56","slug":"godt-nytt-ar","status":"publish","type":"post","link":"https:\/\/notisblokk.de\/?p=519","title":{"rendered":"Weihnachten"},"content":{"rendered":"<p><a href=\"https:\/\/notisblokk.de\/wp-content\/uploads\/2014\/12\/Wn1.jpg\"><img loading=\"lazy\" decoding=\"async\" class=\"alignnone size-full wp-image-520\" alt=\"Wn1\" src=\"https:\/\/notisblokk.de\/wp-content\/uploads\/2014\/12\/Wn1.jpg\" width=\"300\" height=\"415\" \/><\/a><\/p>\n<p>Wir haben all die Lucia- und Nissefeste im Kindergarten gut \u00fcberstanden. Es ist allerdings etwas gew\u00f6hnungsbed\u00fcrftig abends um 17.00 Uhr mit Fackeln in den Wald zu ziehen, um dort bei -8\u00b0C im Freien Milchreis zu essen.<\/p>\n<p><a href=\"https:\/\/notisblokk.de\/wp-content\/uploads\/2014\/12\/Wn2.jpg\"><img loading=\"lazy\" decoding=\"async\" class=\"alignnone size-full wp-image-521\" alt=\"Wn2\" src=\"https:\/\/notisblokk.de\/wp-content\/uploads\/2014\/12\/Wn2.jpg\" width=\"300\" height=\"359\" \/><\/a><\/p>\n<p>Die Kinder lie\u00dfen sich dann gem\u00fctlich auf dem Waldboden nieder und sangen Weihnachtslieder, bis der Weihnachtsmann erschien.<\/p>\n<p>An den Weihnachtsfeiertagen belie\u00dfen wir es bei Waldspazierg\u00e4ngen und verzichteten auf das Essen im Wald. Wir trafen unsere Nachbarn im Wald, die mit Reisig unter dem Arm einer H\u00fctte im Wald zustrebten. Sicher um sich dort etwas zu grillen.<\/p>\n<p><a href=\"https:\/\/notisblokk.de\/wp-content\/uploads\/2014\/12\/Wn3.jpg\"><img loading=\"lazy\" decoding=\"async\" class=\"alignnone size-full wp-image-522\" alt=\"Wn3\" src=\"https:\/\/notisblokk.de\/wp-content\/uploads\/2014\/12\/Wn3.jpg\" width=\"550\" height=\"733\" \/><\/a><\/p>\n<p>Am Nachmittag des 26. Dezember wurde Weihnachten dann sogar noch wei\u00df.<\/p>\n<p><a href=\"https:\/\/notisblokk.de\/wp-content\/uploads\/2014\/12\/Wn4.jpg\"><img loading=\"lazy\" decoding=\"async\" class=\"alignnone size-full wp-image-523\" alt=\"Wn4\" src=\"https:\/\/notisblokk.de\/wp-content\/uploads\/2014\/12\/Wn4.jpg\" width=\"550\" height=\"413\" \/><\/a><\/p>\n<p>Morgen geht es wieder zur Arbeit und der Jahresabschluss wird noch bis Anfang\/Mitte Februar dauern. Bis dahin wird es kaum Neues hier auf dem Blog geben.<\/p>\n","protected":false},"excerpt":{"rendered":"<p>Wir haben all die Lucia- und Nissefeste im Kindergarten gut \u00fcberstanden. Es ist allerdings etwas gew\u00f6hnungsbed\u00fcrftig abends um 17.00 Uhr mit Fackeln in den Wald zu ziehen, um dort bei -8\u00b0C im Freien Milchreis zu essen. Die Kinder lie\u00dfen sich dann gem\u00fctlich auf dem Waldboden nieder und sangen Weihnachtslieder, bis der Weihnachtsmann erschien. An den &hellip; <a href=\"https:\/\/notisblokk.de\/?p=519\" class=\"more-link\"><span class=\"screen-reader-text\">Weihnachten<\/span> weiterlesen <span class=\"meta-nav\">&rarr;<\/span><\/a><\/p>\n","protected":false},"author":1,"featured_media":0,"comment_status":"open","ping_status":"open","sticky":false,"template":"","format":"standard","meta":{"footnotes":""},"categories":[4,1],"tags":[10,63,58],"class_list":["post-519","post","type-post","status-publish","format-standard","hentry","category-bilder","category-livet","tag-torsnes","tag-wald","tag-weihnachten"],"_links":{"self":[{"href":"https:\/\/notisblokk.de\/index.php?rest_route=\/wp\/v2\/posts\/519","targetHints":{"allow":["GET"]}}],"collection":[{"href":"https:\/\/notisblokk.de\/index.php?rest_route=\/wp\/v2\/posts"}],"about":[{"href":"https:\/\/notisblokk.de\/index.php?rest_route=\/wp\/v2\/types\/post"}],"author":[{"embeddable":true,"href":"https:\/\/notisblokk.de\/index.php?rest_route=\/wp\/v2\/users\/1"}],"replies":[{"embeddable":true,"href":"https:\/\/notisblokk.de\/index.php?rest_route=%2Fwp%2Fv2%2Fcomments&post=519"}],"version-history":[{"count":3,"href":"https:\/\/notisblokk.de\/index.php?rest_route=\/wp\/v2\/posts\/519\/revisions"}],"predecessor-version":[{"id":526,"href":"https:\/\/notisblokk.de\/index.php?rest_route=\/wp\/v2\/posts\/519\/revisions\/526"}],"wp:attachment":[{"href":"https:\/\/notisblokk.de\/index.php?rest_route=%2Fwp%2Fv2%2Fmedia&parent=519"}],"wp:term":[{"taxonomy":"category","embeddable":true,"href":"https:\/\/notisblokk.de\/index.php?rest_route=%2Fwp%2Fv2%2Fcategories&post=519"},{"taxonomy":"post_tag","embeddable":true,"href":"https:\/\/notisblokk.de\/index.php?rest_route=%2Fwp%2Fv2%2Ftags&post=519"}],"curies":[{"name":"wp","href":"https:\/\/api.w.org\/{rel}","templated":true}]}}